{"id":5326,"date":"2025-05-19T14:02:13","date_gmt":"2025-05-19T14:02:13","guid":{"rendered":"https:\/\/notariaortiz.cl\/?p=5326"},"modified":"2025-05-19T14:02:13","modified_gmt":"2025-05-19T14:02:13","slug":"21-de-mayo-dia-del-abogado-en-chile","status":"publish","type":"post","link":"https:\/\/notariaortiz.cl\/index.php\/21-de-mayo-dia-del-abogado-en-chile\/","title":{"rendered":"21 de mayo \u2013 D\u00eda del Abogado en Chile"},"content":{"rendered":"<p>El 21 de mayo se conmemora el D\u00eda del Abogado en nuestro pa\u00eds, fecha que rinde homenaje a Arturo Prat Chac\u00f3n, ca\u00eddo durante el Combate Naval de Iquique en 1879.<\/p>\n<p>Prat no solo fue un valiente marino, sino tambi\u00e9n un abogado \u00edntegro, comprometido con la justicia y el servicio p\u00fablico. Su legado inspira a quienes ejercen el Derecho con vocaci\u00f3n, \u00e9tica y responsabilidad social.<\/p>\n<p>Como homenaje, transcribimos la carta que el Comandante del Hu\u00e1scar, don Miguel Grau, escribi\u00f3 a la viuda de Arturo Prat, do\u00f1a Carmela Carvajal:<\/p>\n<p>\u00abMonitor Hu\u00e1scar. Al ancla, Pisagua, Junio 2 de 1879<\/p>\n<p>Dign\u00edsima se\u00f1ora:<br \/>\nUn sagrado deber me autoriza a dirigirme a Ud. y siento profundamente que esta carta, por las luchas que va a rememorar, contribuya a aumentar el dolor que hoy justamente debe dominarla.<\/p>\n<p>En el combate naval del 21 pasado que tuvo lugar en las aguas de Iquique, entre las naves peruanas y chilenas, su digno y valeroso esposo, el capit\u00e1n de fragata don Arturo Prat, comandante de la Esmeralda, como usted no lo ignorara ya, fue v\u00edctima de su temerario arrojo en defensa y gloria de la bandera de su patria.<\/p>\n<p>Deplorando sinceramente tan infausto acontecimiento y acompa\u00f1\u00e1ndola en su duelo, cumplo con el penoso y triste deber de enviarle las para usted inestimables prendas que se encontraron en su poder, y que son las que figuran en la lista adjunta. Ellas le servir\u00e1n indudablemente de alg\u00fan consuelo en medio de su desgracia y por eso me he anticipado a remit\u00edrselas.<\/p>\n<p>Reiter\u00e1ndole mis sentimientos de condolencia, logro, se\u00f1ora, la oportunidad para ofrecerle mis servicios, consideraciones y respetos con que me suscribo de usted, se\u00f1ora, muy afect\u00edsimo seguro servidor.<\/p>\n<p>Miguel Grau\u00ab.<\/p>\n<p><a class=\"x1i10hfl xjbqb8w x1ejq31n xd10rxx x1sy0etr x17r0tee x972fbf xcfux6l x1qhh985 xm0m39n x9f619 x1ypdohk xt0psk2 xe8uvvx xdj266r x11i5rnm xat24cr x1mh8g0r xexx8yu x4uap5 x18d9i69 xkhd6sd x16tdsg8 x1hl2dhg xggy1nq x1a2a7pz  _aa9_ _a6hd\" tabindex=\"0\" role=\"link\" href=\"https:\/\/www.instagram.com\/explore\/tags\/d%C3%ADadelabogado\/\">#D\u00edaDelAbogado<\/a> <a class=\"x1i10hfl xjbqb8w x1ejq31n xd10rxx x1sy0etr x17r0tee x972fbf xcfux6l x1qhh985 xm0m39n x9f619 x1ypdohk xt0psk2 xe8uvvx xdj266r x11i5rnm xat24cr x1mh8g0r xexx8yu x4uap5 x18d9i69 xkhd6sd x16tdsg8 x1hl2dhg xggy1nq x1a2a7pz  _aa9_ _a6hd\" tabindex=\"0\" role=\"link\" href=\"https:\/\/www.instagram.com\/explore\/tags\/arturoprat\/\">#ArturoPrat<\/a> <a class=\"x1i10hfl xjbqb8w x1ejq31n xd10rxx x1sy0etr x17r0tee x972fbf xcfux6l x1qhh985 xm0m39n x9f619 x1ypdohk xt0psk2 xe8uvvx xdj266r x11i5rnm xat24cr x1mh8g0r xexx8yu x4uap5 x18d9i69 xkhd6sd x16tdsg8 x1hl2dhg xggy1nq x1a2a7pz  _aa9_ _a6hd\" tabindex=\"0\" role=\"link\" href=\"https:\/\/www.instagram.com\/explore\/tags\/21demayo\/\">#21deMayo<\/a> <a class=\"x1i10hfl xjbqb8w x1ejq31n xd10rxx x1sy0etr x17r0tee x972fbf xcfux6l x1qhh985 xm0m39n x9f619 x1ypdohk xt0psk2 xe8uvvx xdj266r x11i5rnm xat24cr x1mh8g0r xexx8yu x4uap5 x18d9i69 xkhd6sd x16tdsg8 x1hl2dhg xggy1nq x1a2a7pz  _aa9_ _a6hd\" tabindex=\"0\" role=\"link\" href=\"https:\/\/www.instagram.com\/explore\/tags\/justicia\/\">#Justicia<\/a> <a class=\"x1i10hfl xjbqb8w x1ejq31n xd10rxx x1sy0etr x17r0tee x972fbf xcfux6l x1qhh985 xm0m39n x9f619 x1ypdohk xt0psk2 xe8uvvx xdj266r x11i5rnm xat24cr x1mh8g0r xexx8yu x4uap5 x18d9i69 xkhd6sd x16tdsg8 x1hl2dhg xggy1nq x1a2a7pz  _aa9_ _a6hd\" tabindex=\"0\" role=\"link\" href=\"https:\/\/www.instagram.com\/explore\/tags\/notariaortiz\/\">#NotariaOrtiz<\/a> <a class=\"x1i10hfl xjbqb8w x1ejq31n xd10rxx x1sy0etr x17r0tee x972fbf xcfux6l x1qhh985 xm0m39n x9f619 x1ypdohk xt0psk2 xe8uvvx xdj266r x11i5rnm xat24cr x1mh8g0r xexx8yu x4uap5 x18d9i69 xkhd6sd x16tdsg8 x1hl2dhg xggy1nq x1a2a7pz  _aa9_ _a6hd\" tabindex=\"0\" role=\"link\" href=\"https:\/\/www.instagram.com\/explore\/tags\/notaria\/\">#notaria<\/a> <a class=\"x1i10hfl xjbqb8w x1ejq31n xd10rxx x1sy0etr x17r0tee x972fbf xcfux6l x1qhh985 xm0m39n x9f619 x1ypdohk xt0psk2 xe8uvvx xdj266r x11i5rnm xat24cr x1mh8g0r xexx8yu x4uap5 x18d9i69 xkhd6sd x16tdsg8 x1hl2dhg xggy1nq x1a2a7pz  _aa9_ _a6hd\" tabindex=\"0\" role=\"link\" href=\"https:\/\/www.instagram.com\/explore\/tags\/vitacura\/\">#vitacura<\/a><\/p>\n","protected":false},"excerpt":{"rendered":"<p>El 21 de mayo se conmemora el D\u00eda del Abogado en nuestro pa\u00eds, fecha que rinde homenaje a Arturo Prat Chac\u00f3n, ca\u00eddo durante el Combate Naval de Iquique en 1879. Prat no solo fue un valiente marino, sino tambi\u00e9n un abogado \u00edntegro, comprometido con la justicia y el servicio p\u00fablico. Su legado inspira a quienes&#8230;<\/p>\n","protected":false},"author":2,"featured_media":5327,"comment_status":"closed","ping_status":"closed","sticky":false,"template":"","format":"standard","meta":{"footnotes":""},"categories":[1],"tags":[],"class_list":["post-5326","post","type-post","status-publish","format-standard","has-post-thumbnail","hentry","category-blog"],"_links":{"self":[{"href":"https:\/\/notariaortiz.cl\/index.php\/wp-json\/wp\/v2\/posts\/5326","targetHints":{"allow":["GET"]}}],"collection":[{"href":"https:\/\/notariaortiz.cl\/index.php\/wp-json\/wp\/v2\/posts"}],"about":[{"href":"https:\/\/notariaortiz.cl\/index.php\/wp-json\/wp\/v2\/types\/post"}],"author":[{"embeddable":true,"href":"https:\/\/notariaortiz.cl\/index.php\/wp-json\/wp\/v2\/users\/2"}],"replies":[{"embeddable":true,"href":"https:\/\/notariaortiz.cl\/index.php\/wp-json\/wp\/v2\/comments?post=5326"}],"version-history":[{"count":1,"href":"https:\/\/notariaortiz.cl\/index.php\/wp-json\/wp\/v2\/posts\/5326\/revisions"}],"predecessor-version":[{"id":5328,"href":"https:\/\/notariaortiz.cl\/index.php\/wp-json\/wp\/v2\/posts\/5326\/revisions\/5328"}],"wp:featuredmedia":[{"embeddable":true,"href":"https:\/\/notariaortiz.cl\/index.php\/wp-json\/wp\/v2\/media\/5327"}],"wp:attachment":[{"href":"https:\/\/notariaortiz.cl\/index.php\/wp-json\/wp\/v2\/media?parent=5326"}],"wp:term":[{"taxonomy":"category","embeddable":true,"href":"https:\/\/notariaortiz.cl\/index.php\/wp-json\/wp\/v2\/categories?post=5326"},{"taxonomy":"post_tag","embeddable":true,"href":"https:\/\/notariaortiz.cl\/index.php\/wp-json\/wp\/v2\/tags?post=5326"}],"curies":[{"name":"wp","href":"https:\/\/api.w.org\/{rel}","templated":true}]}}