{"id":4688,"date":"2024-09-02T17:13:27","date_gmt":"2024-09-02T17:13:27","guid":{"rendered":"https:\/\/notariaortiz.cl\/?p=4688"},"modified":"2024-09-02T17:14:07","modified_gmt":"2024-09-02T17:14:07","slug":"despidos-por-necesidad-suman-244-mil-al-primer-semestre","status":"publish","type":"post","link":"https:\/\/notariaortiz.cl\/index.php\/despidos-por-necesidad-suman-244-mil-al-primer-semestre\/","title":{"rendered":"\ud83d\udd8b\ufe0f\ud83d\udcdc \u201cDespidos por necesidad suman 244 mil al primer semestre\u201d. (Fuente: Emol.com 2024\/08\/27)\ud83d\udd8b\ufe0f\ud83d\udcdc"},"content":{"rendered":"<p>\u00bfSab\u00edas que cuando una empresa necesita ajustar su personal por razones econ\u00f3micas o productivas, deben seguir ciertos requisitos legales? Aqu\u00ed te dejamos un resumen para que est\u00e9s al tanto:<\/p>\n<p>\ud83d\udd39 Causa Justificada: La empresa debe demostrar que el despido es por necesidades de la empresa y no por razones personales.<\/p>\n<p>\ud83d\udd39 Notificaci\u00f3n: El empleador debe comunicar el despido por escrito, con una anticipaci\u00f3n m\u00ednima de 30 d\u00edas, o pagar el equivalente a ese per\u00edodo.<\/p>\n<p>\ud83d\udd39 Finiquito: Debe incluir el pago proporcional de vacaciones pendientes.<\/p>\n<p>\ud83d\udd39 Compensaci\u00f3n: Se deben pagar las indemnizaciones correspondientes, que incluyen un mes de sueldo por a\u00f1o trabajado, con un m\u00e1ximo de 11 a\u00f1os.<\/p>\n<p>\ud83d\udd39 Declaraci\u00f3n del empleador: El empleador debe dejar constancia si fue notificado de retenciones judiciales por pensiones de alimentos.<\/p>\n<p>Si tienes dudas, siempre es buena idea consultar con un abogado laboral para asegurar que todo se maneje de acuerdo a la ley. \ud83d\udcbc\ud83d\udcaa<\/p>\n<p><a class=\"x1i10hfl xjbqb8w x1ejq31n xd10rxx x1sy0etr x17r0tee x972fbf xcfux6l x1qhh985 xm0m39n x9f619 x1ypdohk xt0psk2 xe8uvvx xdj266r x11i5rnm xat24cr x1mh8g0r xexx8yu x4uap5 x18d9i69 xkhd6sd x16tdsg8 x1hl2dhg xggy1nq x1a2a7pz  _aa9_ _a6hd\" tabindex=\"0\" role=\"link\" href=\"https:\/\/www.instagram.com\/explore\/tags\/notaria\/\">#notaria<\/a>\u00a0<a class=\"x1i10hfl xjbqb8w x1ejq31n xd10rxx x1sy0etr x17r0tee x972fbf xcfux6l x1qhh985 xm0m39n x9f619 x1ypdohk xt0psk2 xe8uvvx xdj266r x11i5rnm xat24cr x1mh8g0r xexx8yu x4uap5 x18d9i69 xkhd6sd x16tdsg8 x1hl2dhg xggy1nq x1a2a7pz  _aa9_ _a6hd\" tabindex=\"0\" role=\"link\" href=\"https:\/\/www.instagram.com\/explore\/tags\/vitacura\/\">#vitacura<\/a>\u00a0<a class=\"x1i10hfl xjbqb8w x1ejq31n xd10rxx x1sy0etr x17r0tee x972fbf xcfux6l x1qhh985 xm0m39n x9f619 x1ypdohk xt0psk2 xe8uvvx xdj266r x11i5rnm xat24cr x1mh8g0r xexx8yu x4uap5 x18d9i69 xkhd6sd x16tdsg8 x1hl2dhg xggy1nq x1a2a7pz  _aa9_ _a6hd\" tabindex=\"0\" role=\"link\" href=\"https:\/\/www.instagram.com\/explore\/tags\/asesorialaboral\/\">#asesorialaboral<\/a>\u00a0<a class=\"x1i10hfl xjbqb8w x1ejq31n xd10rxx x1sy0etr x17r0tee x972fbf xcfux6l x1qhh985 xm0m39n x9f619 x1ypdohk xt0psk2 xe8uvvx xdj266r x11i5rnm xat24cr x1mh8g0r xexx8yu x4uap5 x18d9i69 xkhd6sd x16tdsg8 x1hl2dhg xggy1nq x1a2a7pz  _aa9_ _a6hd\" tabindex=\"0\" role=\"link\" href=\"https:\/\/www.instagram.com\/explore\/tags\/tramitesjudiciales\/\">#tramitesjudiciales<\/a>\u00a0<a class=\"x1i10hfl xjbqb8w x1ejq31n xd10rxx x1sy0etr x17r0tee x972fbf xcfux6l x1qhh985 xm0m39n x9f619 x1ypdohk xt0psk2 xe8uvvx xdj266r x11i5rnm xat24cr x1mh8g0r xexx8yu x4uap5 x18d9i69 xkhd6sd x16tdsg8 x1hl2dhg xggy1nq x1a2a7pz  _aa9_ _a6hd\" tabindex=\"0\" role=\"link\" href=\"https:\/\/www.instagram.com\/explore\/tags\/tramitesnotariales\/\">#tramitesnotariales<\/a>\u00a0<a class=\"x1i10hfl xjbqb8w x1ejq31n xd10rxx x1sy0etr x17r0tee x972fbf xcfux6l x1qhh985 xm0m39n x9f619 x1ypdohk xt0psk2 xe8uvvx xdj266r x11i5rnm xat24cr x1mh8g0r xexx8yu x4uap5 x18d9i69 xkhd6sd x16tdsg8 x1hl2dhg xggy1nq x1a2a7pz  _aa9_ _a6hd\" tabindex=\"0\" role=\"link\" href=\"https:\/\/www.instagram.com\/explore\/tags\/despidos\/\">#despidos<\/a><\/p>\n","protected":false},"excerpt":{"rendered":"<p>\u00bfSab\u00edas que cuando una empresa necesita ajustar su personal por razones econ\u00f3micas o productivas, deben seguir ciertos requisitos legales? Aqu\u00ed te dejamos un resumen para que est\u00e9s al tanto: \ud83d\udd39 Causa Justificada: La empresa debe demostrar que el despido es por necesidades de la empresa y no por razones personales. \ud83d\udd39 Notificaci\u00f3n: El empleador debe&#8230;<\/p>\n","protected":false},"author":2,"featured_media":4690,"comment_status":"closed","ping_status":"closed","sticky":false,"template":"","format":"standard","meta":{"footnotes":""},"categories":[1],"tags":[],"class_list":["post-4688","post","type-post","status-publish","format-standard","has-post-thumbnail","hentry","category-blog"],"_links":{"self":[{"href":"https:\/\/notariaortiz.cl\/index.php\/wp-json\/wp\/v2\/posts\/4688","targetHints":{"allow":["GET"]}}],"collection":[{"href":"https:\/\/notariaortiz.cl\/index.php\/wp-json\/wp\/v2\/posts"}],"about":[{"href":"https:\/\/notariaortiz.cl\/index.php\/wp-json\/wp\/v2\/types\/post"}],"author":[{"embeddable":true,"href":"https:\/\/notariaortiz.cl\/index.php\/wp-json\/wp\/v2\/users\/2"}],"replies":[{"embeddable":true,"href":"https:\/\/notariaortiz.cl\/index.php\/wp-json\/wp\/v2\/comments?post=4688"}],"version-history":[{"count":2,"href":"https:\/\/notariaortiz.cl\/index.php\/wp-json\/wp\/v2\/posts\/4688\/revisions"}],"predecessor-version":[{"id":4691,"href":"https:\/\/notariaortiz.cl\/index.php\/wp-json\/wp\/v2\/posts\/4688\/revisions\/4691"}],"wp:featuredmedia":[{"embeddable":true,"href":"https:\/\/notariaortiz.cl\/index.php\/wp-json\/wp\/v2\/media\/4690"}],"wp:attachment":[{"href":"https:\/\/notariaortiz.cl\/index.php\/wp-json\/wp\/v2\/media?parent=4688"}],"wp:term":[{"taxonomy":"category","embeddable":true,"href":"https:\/\/notariaortiz.cl\/index.php\/wp-json\/wp\/v2\/categories?post=4688"},{"taxonomy":"post_tag","embeddable":true,"href":"https:\/\/notariaortiz.cl\/index.php\/wp-json\/wp\/v2\/tags?post=4688"}],"curies":[{"name":"wp","href":"https:\/\/api.w.org\/{rel}","templated":true}]}}