{"id":4472,"date":"2024-05-20T14:43:41","date_gmt":"2024-05-20T14:43:41","guid":{"rendered":"https:\/\/notariaortiz.cl\/?p=4472"},"modified":"2024-05-20T14:43:41","modified_gmt":"2024-05-20T14:43:41","slug":"el-21-de-mayo-se-celebra-en-chile-el-dia-del-abogado-tu-sabes-en-honor-a-quien-se-fijo-esta-fecha","status":"publish","type":"post","link":"https:\/\/notariaortiz.cl\/index.php\/el-21-de-mayo-se-celebra-en-chile-el-dia-del-abogado-tu-sabes-en-honor-a-quien-se-fijo-esta-fecha\/","title":{"rendered":"El 21 de mayo se celebra en Chile el d\u00eda del abogado, \u00bft\u00fa sabes en honor a quien se fij\u00f3 esta fecha?"},"content":{"rendered":"<p>Te damos una pista, el 21 de mayo de 1879 estaba al mando de la corbeta La Esmeralda durante el Combate Naval de Iquique.<br \/>\nContin\u00faa leyendo para conocer su historia.<\/p>\n<p>Efectivamente, en honor a Arturo Prat Chac\u00f3n, quien muri\u00f3 heroicamente el 21 de mayo de 1879.<\/p>\n<p>Una faceta un poco m\u00e1s desconocida de nuestro h\u00e9roe nacional, es su labor como abogado.<br \/>\nFue el primer oficial de la Armada de Chile en servicio activo en obtener ese t\u00edtulo, y que ejerci\u00f3 durante casi tres a\u00f1os, hasta su muerte en la Guerra del Pac\u00edfico.<br \/>\nSus primeros a\u00f1os de estudio fueron muy dif\u00edciles, porque los ten\u00eda que hacer a distancia por sus funciones navales, estudiaba de noche y daba ex\u00e1menes libres, por su carrera naval le permitieron no cumplir horarios de clases.<br \/>\nYa titulado, Arturo Prat tuvo un estudio en la ciudad de Valpara\u00edso, en el cual combin\u00f3 su profesi\u00f3n con su carrera en la Armada; aunque ya en 1872, mientras estudiaba, se le hab\u00eda pedido su opini\u00f3n sobre el Proyecto de Ley de Navegaci\u00f3n, incorpor\u00e1ndose varias de sus enmiendas.<br \/>\nAsimismo, se destac\u00f3 en su participaci\u00f3n en juicios militares.<br \/>\nAl momento de recibir su t\u00edtulo de abogado en la Corte Suprema, se sac\u00f3 su espada, se la entreg\u00f3 al ujier, y le dijo: &#8216;esta es la \u00fanica vez que entregar\u00e9 mi espada&#8217;, y entr\u00f3 de uniforme a la sala a jurar desarmado como muestra de respeto, al deponer las armas ante el Derecho.<\/p>\n<p><a class=\"x1i10hfl xjbqb8w x1ejq31n xd10rxx x1sy0etr x17r0tee x972fbf xcfux6l x1qhh985 xm0m39n x9f619 x1ypdohk xt0psk2 xe8uvvx xdj266r x11i5rnm xat24cr x1mh8g0r xexx8yu x4uap5 x18d9i69 xkhd6sd x16tdsg8 x1hl2dhg xggy1nq x1a2a7pz  _aa9_ _a6hd\" tabindex=\"0\" role=\"link\" href=\"https:\/\/www.instagram.com\/explore\/tags\/notaria\/\">#notaria<\/a>\u00a0<a class=\"x1i10hfl xjbqb8w x1ejq31n xd10rxx x1sy0etr x17r0tee x972fbf xcfux6l x1qhh985 xm0m39n x9f619 x1ypdohk xt0psk2 xe8uvvx xdj266r x11i5rnm xat24cr x1mh8g0r xexx8yu x4uap5 x18d9i69 xkhd6sd x16tdsg8 x1hl2dhg xggy1nq x1a2a7pz  _aa9_ _a6hd\" tabindex=\"0\" role=\"link\" href=\"https:\/\/www.instagram.com\/explore\/tags\/vitacura\/\">#vitacura<\/a>\u00a0<a class=\"x1i10hfl xjbqb8w x1ejq31n xd10rxx x1sy0etr x17r0tee x972fbf xcfux6l x1qhh985 xm0m39n x9f619 x1ypdohk xt0psk2 xe8uvvx xdj266r x11i5rnm xat24cr x1mh8g0r xexx8yu x4uap5 x18d9i69 xkhd6sd x16tdsg8 x1hl2dhg xggy1nq x1a2a7pz  _aa9_ _a6hd\" tabindex=\"0\" role=\"link\" href=\"https:\/\/www.instagram.com\/explore\/tags\/diadelabogado\/\">#diadelabogado<\/a>\u00a0<a class=\"x1i10hfl xjbqb8w x1ejq31n xd10rxx x1sy0etr x17r0tee x972fbf xcfux6l x1qhh985 xm0m39n x9f619 x1ypdohk xt0psk2 xe8uvvx xdj266r x11i5rnm xat24cr x1mh8g0r xexx8yu x4uap5 x18d9i69 xkhd6sd x16tdsg8 x1hl2dhg xggy1nq x1a2a7pz  _aa9_ _a6hd\" tabindex=\"0\" role=\"link\" href=\"https:\/\/www.instagram.com\/explore\/tags\/21demayo\/\">#21demayo<\/a>\u00a0<a class=\"x1i10hfl xjbqb8w x1ejq31n xd10rxx x1sy0etr x17r0tee x972fbf xcfux6l x1qhh985 xm0m39n x9f619 x1ypdohk xt0psk2 xe8uvvx xdj266r x11i5rnm xat24cr x1mh8g0r xexx8yu x4uap5 x18d9i69 xkhd6sd x16tdsg8 x1hl2dhg xggy1nq x1a2a7pz  _aa9_ _a6hd\" tabindex=\"0\" role=\"link\" href=\"https:\/\/www.instagram.com\/explore\/tags\/tramiteslegales\/\">#tramiteslegales<\/a>\u00a0<a class=\"x1i10hfl xjbqb8w x1ejq31n xd10rxx x1sy0etr x17r0tee x972fbf xcfux6l x1qhh985 xm0m39n x9f619 x1ypdohk xt0psk2 xe8uvvx xdj266r x11i5rnm xat24cr x1mh8g0r xexx8yu x4uap5 x18d9i69 xkhd6sd x16tdsg8 x1hl2dhg xggy1nq x1a2a7pz  _aa9_ _a6hd\" tabindex=\"0\" role=\"link\" href=\"https:\/\/www.instagram.com\/explore\/tags\/tramitesnotariales\/\">#tramitesnotariales<\/a>\u00a0<a class=\"x1i10hfl xjbqb8w x1ejq31n xd10rxx x1sy0etr x17r0tee x972fbf xcfux6l x1qhh985 xm0m39n x9f619 x1ypdohk xt0psk2 xe8uvvx xdj266r x11i5rnm xat24cr x1mh8g0r xexx8yu x4uap5 x18d9i69 xkhd6sd x16tdsg8 x1hl2dhg xggy1nq x1a2a7pz  _aa9_ _a6hd\" tabindex=\"0\" role=\"link\" href=\"https:\/\/www.instagram.com\/explore\/tags\/notariavitacura\/\">#notariavitacura<\/a><\/p>\n","protected":false},"excerpt":{"rendered":"<p>Te damos una pista, el 21 de mayo de 1879 estaba al mando de la corbeta La Esmeralda durante el Combate Naval de Iquique. Contin\u00faa leyendo para conocer su historia. Efectivamente, en honor a Arturo Prat Chac\u00f3n, quien muri\u00f3 heroicamente el 21 de mayo de 1879. Una faceta un poco m\u00e1s desconocida de nuestro h\u00e9roe&#8230;<\/p>\n","protected":false},"author":2,"featured_media":4473,"comment_status":"closed","ping_status":"closed","sticky":false,"template":"","format":"standard","meta":{"footnotes":""},"categories":[1],"tags":[],"class_list":["post-4472","post","type-post","status-publish","format-standard","has-post-thumbnail","hentry","category-blog"],"_links":{"self":[{"href":"https:\/\/notariaortiz.cl\/index.php\/wp-json\/wp\/v2\/posts\/4472","targetHints":{"allow":["GET"]}}],"collection":[{"href":"https:\/\/notariaortiz.cl\/index.php\/wp-json\/wp\/v2\/posts"}],"about":[{"href":"https:\/\/notariaortiz.cl\/index.php\/wp-json\/wp\/v2\/types\/post"}],"author":[{"embeddable":true,"href":"https:\/\/notariaortiz.cl\/index.php\/wp-json\/wp\/v2\/users\/2"}],"replies":[{"embeddable":true,"href":"https:\/\/notariaortiz.cl\/index.php\/wp-json\/wp\/v2\/comments?post=4472"}],"version-history":[{"count":1,"href":"https:\/\/notariaortiz.cl\/index.php\/wp-json\/wp\/v2\/posts\/4472\/revisions"}],"predecessor-version":[{"id":4474,"href":"https:\/\/notariaortiz.cl\/index.php\/wp-json\/wp\/v2\/posts\/4472\/revisions\/4474"}],"wp:featuredmedia":[{"embeddable":true,"href":"https:\/\/notariaortiz.cl\/index.php\/wp-json\/wp\/v2\/media\/4473"}],"wp:attachment":[{"href":"https:\/\/notariaortiz.cl\/index.php\/wp-json\/wp\/v2\/media?parent=4472"}],"wp:term":[{"taxonomy":"category","embeddable":true,"href":"https:\/\/notariaortiz.cl\/index.php\/wp-json\/wp\/v2\/categories?post=4472"},{"taxonomy":"post_tag","embeddable":true,"href":"https:\/\/notariaortiz.cl\/index.php\/wp-json\/wp\/v2\/tags?post=4472"}],"curies":[{"name":"wp","href":"https:\/\/api.w.org\/{rel}","templated":true}]}}